{"id":409,"date":"2011-09-12T21:16:26","date_gmt":"2011-09-12T19:16:26","guid":{"rendered":"http:\/\/imaginalia.com\/wrp\/?p=798"},"modified":"2011-09-12T21:20:12","modified_gmt":"2011-09-12T19:20:12","slug":"ducha-en-el-jardin","status":"publish","type":"post","link":"https:\/\/imaginalia.com\/wrp\/?p=409","title":{"rendered":"Ducha en el jard\u00edn"},"content":{"rendered":"<p>Un poco para hacer m\u00e1s soportable can\u00edcula estival, mi padre nos ha hecho una ducha en el jard\u00edn, como en los camping. Una de las mejores ideas que hemos tenido. Divina de la muerte.<\/p>\n<figure id=\"attachment_410\" aria-describedby=\"caption-attachment-410\" style=\"width: 199px\" class=\"wp-caption alignnone\"><a href=\"http:\/\/imaginalia.com\/wrp\/wp-content\/uploads\/2011\/09\/ducha-jardin-0006.jpg\"><img loading=\"lazy\" decoding=\"async\" class=\"size-medium wp-image-410\" title=\"Como veis algo de intimidad tiene...\" src=\"http:\/\/imaginalia.com\/wrp\/wp-content\/uploads\/2011\/09\/ducha-jardin-0006-199x300.jpg\" alt=\"Como veis algo de intimidad tiene...\" width=\"199\" height=\"300\" srcset=\"https:\/\/imaginalia.com\/wrp\/wp-content\/uploads\/2011\/09\/ducha-jardin-0006-199x300.jpg 199w, https:\/\/imaginalia.com\/wrp\/wp-content\/uploads\/2011\/09\/ducha-jardin-0006.jpg 664w\" sizes=\"auto, (max-width: 199px) 100vw, 199px\" \/><\/a><figcaption id=\"caption-attachment-410\" class=\"wp-caption-text\">Como veis algo de intimidad tiene...<\/figcaption><\/figure>\n<figure id=\"attachment_411\" aria-describedby=\"caption-attachment-411\" style=\"width: 199px\" class=\"wp-caption alignnone\"><a href=\"http:\/\/imaginalia.com\/wrp\/wp-content\/uploads\/2011\/09\/ducha-jardin-0007.jpg\"><img loading=\"lazy\" decoding=\"async\" class=\"size-medium wp-image-411\" title=\"Esta foto es cuando estaba aun sin terminar.\" src=\"http:\/\/imaginalia.com\/wrp\/wp-content\/uploads\/2011\/09\/ducha-jardin-0007-199x300.jpg\" alt=\"Esta foto es cuando estaba aun sin terminar.\" width=\"199\" height=\"300\" srcset=\"https:\/\/imaginalia.com\/wrp\/wp-content\/uploads\/2011\/09\/ducha-jardin-0007-199x300.jpg 199w, https:\/\/imaginalia.com\/wrp\/wp-content\/uploads\/2011\/09\/ducha-jardin-0007.jpg 664w\" sizes=\"auto, (max-width: 199px) 100vw, 199px\" \/><\/a><figcaption id=\"caption-attachment-411\" class=\"wp-caption-text\">Esta foto es cuando estaba aun sin terminar.<\/figcaption><\/figure>\n<figure id=\"attachment_412\" aria-describedby=\"caption-attachment-412\" style=\"width: 199px\" class=\"wp-caption alignnone\"><a href=\"http:\/\/imaginalia.com\/wrp\/wp-content\/uploads\/2011\/09\/ducha-jardin-0008.jpg\"><img loading=\"lazy\" decoding=\"async\" class=\"size-medium wp-image-412\" title=\"m\u00e1s fotos sin terminar... \" src=\"http:\/\/imaginalia.com\/wrp\/wp-content\/uploads\/2011\/09\/ducha-jardin-0008-199x300.jpg\" alt=\"m\u00e1s fotos sin terminar... \" width=\"199\" height=\"300\" srcset=\"https:\/\/imaginalia.com\/wrp\/wp-content\/uploads\/2011\/09\/ducha-jardin-0008-199x300.jpg 199w, https:\/\/imaginalia.com\/wrp\/wp-content\/uploads\/2011\/09\/ducha-jardin-0008.jpg 664w\" sizes=\"auto, (max-width: 199px) 100vw, 199px\" \/><\/a><figcaption id=\"caption-attachment-412\" class=\"wp-caption-text\">m\u00e1s fotos sin terminar...<\/figcaption><\/figure>\n<figure id=\"attachment_413\" aria-describedby=\"caption-attachment-413\" style=\"width: 199px\" class=\"wp-caption alignnone\"><a href=\"http:\/\/imaginalia.com\/wrp\/wp-content\/uploads\/2011\/09\/ducha-jardin-0009.jpg\"><img loading=\"lazy\" decoding=\"async\" class=\"size-medium wp-image-413\" title=\"tiene agua caliente y fria... \" src=\"http:\/\/imaginalia.com\/wrp\/wp-content\/uploads\/2011\/09\/ducha-jardin-0009-199x300.jpg\" alt=\"tiene agua caliente y fria... \" width=\"199\" height=\"300\" srcset=\"https:\/\/imaginalia.com\/wrp\/wp-content\/uploads\/2011\/09\/ducha-jardin-0009-199x300.jpg 199w, https:\/\/imaginalia.com\/wrp\/wp-content\/uploads\/2011\/09\/ducha-jardin-0009.jpg 664w\" sizes=\"auto, (max-width: 199px) 100vw, 199px\" \/><\/a><figcaption id=\"caption-attachment-413\" class=\"wp-caption-text\">tiene agua caliente y fria...<\/figcaption><\/figure>\n<figure id=\"attachment_414\" aria-describedby=\"caption-attachment-414\" style=\"width: 300px\" class=\"wp-caption alignnone\"><a href=\"http:\/\/imaginalia.com\/wrp\/wp-content\/uploads\/2011\/09\/ducha-jardin-0010.jpg\"><img loading=\"lazy\" decoding=\"async\" class=\"size-medium wp-image-414\" title=\"mas fotos\" src=\"http:\/\/imaginalia.com\/wrp\/wp-content\/uploads\/2011\/09\/ducha-jardin-0010-300x199.jpg\" alt=\"mas fotos\" width=\"300\" height=\"199\" srcset=\"https:\/\/imaginalia.com\/wrp\/wp-content\/uploads\/2011\/09\/ducha-jardin-0010-300x199.jpg 300w, https:\/\/imaginalia.com\/wrp\/wp-content\/uploads\/2011\/09\/ducha-jardin-0010.jpg 1000w\" sizes=\"auto, (max-width: 300px) 100vw, 300px\" \/><\/a><figcaption id=\"caption-attachment-414\" class=\"wp-caption-text\">mas fotos<\/figcaption><\/figure>\n<p>&nbsp;<\/p>\n<p>A pesar del calor, el agua fr\u00eda por la espalda no es santo de mi devoci\u00f3n, por lo tanto hemos decidido montar agua caliente. Se entiende que de forma artesanal y por supuesto solar.<\/p>\n<figure id=\"attachment_415\" aria-describedby=\"caption-attachment-415\" style=\"width: 199px\" class=\"wp-caption alignnone\"><a href=\"http:\/\/imaginalia.com\/wrp\/wp-content\/uploads\/2011\/09\/ducha-jardin-0001.jpg\"><img loading=\"lazy\" decoding=\"async\" class=\"size-medium wp-image-415\" title=\"Lo hemos hecho con tablero de DM\" src=\"http:\/\/imaginalia.com\/wrp\/wp-content\/uploads\/2011\/09\/ducha-jardin-0001-199x300.jpg\" alt=\"Lo hemos hecho con tablero de DM\" width=\"199\" height=\"300\" srcset=\"https:\/\/imaginalia.com\/wrp\/wp-content\/uploads\/2011\/09\/ducha-jardin-0001-199x300.jpg 199w, https:\/\/imaginalia.com\/wrp\/wp-content\/uploads\/2011\/09\/ducha-jardin-0001.jpg 664w\" sizes=\"auto, (max-width: 199px) 100vw, 199px\" \/><\/a><figcaption id=\"caption-attachment-415\" class=\"wp-caption-text\">Lo hemos hecho con tablero de DM<\/figcaption><\/figure>\n<figure id=\"attachment_416\" aria-describedby=\"caption-attachment-416\" style=\"width: 300px\" class=\"wp-caption alignnone\"><a href=\"http:\/\/imaginalia.com\/wrp\/wp-content\/uploads\/2011\/09\/ducha-jardin-0002.jpg\"><img loading=\"lazy\" decoding=\"async\" class=\"size-medium wp-image-416\" title=\"Pintado de negro un buen monton de veces\" src=\"http:\/\/imaginalia.com\/wrp\/wp-content\/uploads\/2011\/09\/ducha-jardin-0002-300x199.jpg\" alt=\"Pintado de negro un buen monton de veces\" width=\"300\" height=\"199\" srcset=\"https:\/\/imaginalia.com\/wrp\/wp-content\/uploads\/2011\/09\/ducha-jardin-0002-300x199.jpg 300w, https:\/\/imaginalia.com\/wrp\/wp-content\/uploads\/2011\/09\/ducha-jardin-0002.jpg 1000w\" sizes=\"auto, (max-width: 300px) 100vw, 300px\" \/><\/a><figcaption id=\"caption-attachment-416\" class=\"wp-caption-text\">Pintado de negro un buen monton de veces<\/figcaption><\/figure>\n<figure id=\"attachment_417\" aria-describedby=\"caption-attachment-417\" style=\"width: 300px\" class=\"wp-caption alignnone\"><a href=\"http:\/\/imaginalia.com\/wrp\/wp-content\/uploads\/2011\/09\/ducha-jardin-0004.jpg\"><img loading=\"lazy\" decoding=\"async\" class=\"size-medium wp-image-417\" title=\"No hay fotos intermedias porque se nos escapaba la manguera. \" src=\"http:\/\/imaginalia.com\/wrp\/wp-content\/uploads\/2011\/09\/ducha-jardin-0004-300x199.jpg\" alt=\"No hay fotos intermedias porque se nos escapaba la manguera. \" width=\"300\" height=\"199\" srcset=\"https:\/\/imaginalia.com\/wrp\/wp-content\/uploads\/2011\/09\/ducha-jardin-0004-300x199.jpg 300w, https:\/\/imaginalia.com\/wrp\/wp-content\/uploads\/2011\/09\/ducha-jardin-0004.jpg 1000w\" sizes=\"auto, (max-width: 300px) 100vw, 300px\" \/><\/a><figcaption id=\"caption-attachment-417\" class=\"wp-caption-text\">No hay fotos intermedias porque se nos escapaba la manguera.<\/figcaption><\/figure>\n<figure id=\"attachment_418\" aria-describedby=\"caption-attachment-418\" style=\"width: 300px\" class=\"wp-caption alignnone\"><a href=\"http:\/\/imaginalia.com\/wrp\/wp-content\/uploads\/2011\/09\/ducha-jardin-0005.jpg\"><img loading=\"lazy\" decoding=\"async\" class=\"size-medium wp-image-418\" title=\"Pero  basicamente, es la tuberia negra dando vueltas dentro, pillada con bridas de plastico un trozo de entrada y otro de salida, cubierta de metacrilato y un remate en aluminio en los cantos.\" src=\"http:\/\/imaginalia.com\/wrp\/wp-content\/uploads\/2011\/09\/ducha-jardin-0005-300x199.jpg\" alt=\"Pero  basicamente, es la tuberia negra dando vueltas dentro, pillada con bridas de plastico un trozo de entrada y otro de salida, cubierta de metacrilato y un remate en aluminio en los cantos\" width=\"300\" height=\"199\" srcset=\"https:\/\/imaginalia.com\/wrp\/wp-content\/uploads\/2011\/09\/ducha-jardin-0005-300x199.jpg 300w, https:\/\/imaginalia.com\/wrp\/wp-content\/uploads\/2011\/09\/ducha-jardin-0005.jpg 1000w\" sizes=\"auto, (max-width: 300px) 100vw, 300px\" \/><\/a><figcaption id=\"caption-attachment-418\" class=\"wp-caption-text\">Pero basicamente, es la tuberia negra dando vueltas dentro, pillada con bridas de plastico un trozo de entrada y otro de salida, cubierta de metacrilato y un remate en aluminio en los cantos<\/figcaption><\/figure>\n<figure id=\"attachment_420\" aria-describedby=\"caption-attachment-420\" style=\"width: 199px\" class=\"wp-caption alignnone\"><a href=\"http:\/\/imaginalia.com\/wrp\/wp-content\/uploads\/2011\/09\/ducha-jardin-00031.jpg\"><img loading=\"lazy\" decoding=\"async\" class=\"size-medium wp-image-420\" title=\"separada del suelo por cuatro patitas en este caso topes de goma\" src=\"http:\/\/imaginalia.com\/wrp\/wp-content\/uploads\/2011\/09\/ducha-jardin-00031-199x300.jpg\" alt=\"separada del suelo por cuatro patitas en este caso topes de goma\" width=\"199\" height=\"300\" srcset=\"https:\/\/imaginalia.com\/wrp\/wp-content\/uploads\/2011\/09\/ducha-jardin-00031-199x300.jpg 199w, https:\/\/imaginalia.com\/wrp\/wp-content\/uploads\/2011\/09\/ducha-jardin-00031.jpg 664w\" sizes=\"auto, (max-width: 199px) 100vw, 199px\" \/><\/a><figcaption id=\"caption-attachment-420\" class=\"wp-caption-text\">separada del suelo por cuatro patitas en este caso topes de goma<\/figcaption><\/figure>\n<p>&nbsp;<\/p>\n<p>Un d\u00eda de sol bueno el agua se pone a 92\u00baC, hay como unos 12 litros de agua muy caliente, es nuestro primer modelo y ha sido muy econ\u00f3mico.<\/p>\n<p>&nbsp;<\/p>\n","protected":false},"excerpt":{"rendered":"<p>Un poco para hacer m\u00e1s soportable can\u00edcula estival, mi padre nos ha hecho una ducha en el jard\u00edn, como en los camping. Una de las mejores ideas que hemos tenido. Divina de la muerte. &nbsp; A pesar del calor, el agua fr\u00eda por la espalda no es santo de mi devoci\u00f3n, por lo tanto hemos &hellip; <a href=\"https:\/\/imaginalia.com\/wrp\/?p=409\" class=\"more-link\">Seguir leyendo <span class=\"screen-reader-text\">Ducha en el jard\u00edn<\/span> <span class=\"meta-nav\">&rarr;<\/span><\/a><\/p>\n","protected":false},"author":1,"featured_media":0,"comment_status":"open","ping_status":"open","sticky":false,"template":"","format":"standard","meta":{"jetpack_post_was_ever_published":false,"_jetpack_newsletter_access":"","_jetpack_dont_email_post_to_subs":false,"_jetpack_newsletter_tier_id":0,"_jetpack_memberships_contains_paywalled_content":false,"_jetpack_memberships_contains_paid_content":false,"footnotes":"","jetpack_publicize_message":"","jetpack_publicize_feature_enabled":true,"jetpack_social_post_already_shared":false,"jetpack_social_options":{"image_generator_settings":{"template":"highway","default_image_id":0,"font":"","enabled":false},"version":2}},"categories":[8],"tags":[],"class_list":["post-409","post","type-post","status-publish","format-standard","hentry","category-haciendo"],"jetpack_publicize_connections":[],"jetpack_featured_media_url":"","jetpack_sharing_enabled":true,"jetpack_shortlink":"https:\/\/wp.me\/p4Ch0F-6B","_links":{"self":[{"href":"https:\/\/imaginalia.com\/wrp\/index.php?rest_route=\/wp\/v2\/posts\/409","targetHints":{"allow":["GET"]}}],"collection":[{"href":"https:\/\/imaginalia.com\/wrp\/index.php?rest_route=\/wp\/v2\/posts"}],"about":[{"href":"https:\/\/imaginalia.com\/wrp\/index.php?rest_route=\/wp\/v2\/types\/post"}],"author":[{"embeddable":true,"href":"https:\/\/imaginalia.com\/wrp\/index.php?rest_route=\/wp\/v2\/users\/1"}],"replies":[{"embeddable":true,"href":"https:\/\/imaginalia.com\/wrp\/index.php?rest_route=%2Fwp%2Fv2%2Fcomments&post=409"}],"version-history":[{"count":3,"href":"https:\/\/imaginalia.com\/wrp\/index.php?rest_route=\/wp\/v2\/posts\/409\/revisions"}],"predecessor-version":[{"id":422,"href":"https:\/\/imaginalia.com\/wrp\/index.php?rest_route=\/wp\/v2\/posts\/409\/revisions\/422"}],"wp:attachment":[{"href":"https:\/\/imaginalia.com\/wrp\/index.php?rest_route=%2Fwp%2Fv2%2Fmedia&parent=409"}],"wp:term":[{"taxonomy":"category","embeddable":true,"href":"https:\/\/imaginalia.com\/wrp\/index.php?rest_route=%2Fwp%2Fv2%2Fcategories&post=409"},{"taxonomy":"post_tag","embeddable":true,"href":"https:\/\/imaginalia.com\/wrp\/index.php?rest_route=%2Fwp%2Fv2%2Ftags&post=409"}],"curies":[{"name":"wp","href":"https:\/\/api.w.org\/{rel}","templated":true}]}}